{"id":17670,"date":"2025-05-06T13:10:51","date_gmt":"2025-05-06T11:10:51","guid":{"rendered":"https:\/\/www.sehon-lackieranlagen.de\/sehon-customer-honored-for-sustainability\/"},"modified":"2025-05-27T14:08:37","modified_gmt":"2025-05-27T12:08:37","slug":"sehon-customer-honored-for-sustainability","status":"publish","type":"post","link":"https:\/\/www.sehon-lackieranlagen.de\/en\/sehon-customer-honored-for-sustainability\/","title":{"rendered":"SEHON customer honored for sustainability"},"content":{"rendered":"<p>[et_pb_section fb_built=&#8221;1&#8243; _builder_version=&#8221;4.27.4&#8243; _module_preset=&#8221;default&#8221; global_colors_info=&#8221;{}&#8221;][et_pb_row _builder_version=&#8221;4.27.4&#8243; _module_preset=&#8221;default&#8221; global_colors_info=&#8221;{}&#8221;][et_pb_column type=&#8221;4_4&#8243; _builder_version=&#8221;4.27.4&#8243; _module_preset=&#8221;default&#8221; global_colors_info=&#8221;{}&#8221;][et_pb_text admin_label=&#8221;Headline&#8221; _builder_version=&#8221;4.27.4&#8243; _module_preset=&#8221;default&#8221; global_colors_info=&#8221;{}&#8221;]<\/p>\n<h1>SEHON customer honored for sustainability<\/h1>\n<p>[\/et_pb_text][et_pb_text _builder_version=&#8221;4.27.4&#8243; _module_preset=&#8221;default&#8221; global_colors_info=&#8221;{}&#8221;]<\/p>\n<p>In April 2025, <strong>Poppe GmbH<\/strong> was awarded the Friedrich Conrad Degener Prize by the town of Bremerv\u00f6rde. This award from the town of Bremerv\u00f6rde and the Economic Guild recognizes the forward-looking actions, innovative strength and social commitment of the family business. <\/p>\n<p>[\/et_pb_text][\/et_pb_column][\/et_pb_row][et_pb_row _builder_version=&#8221;4.27.4&#8243; _module_preset=&#8221;default&#8221; global_colors_info=&#8221;{}&#8221;][et_pb_column type=&#8221;4_4&#8243; _builder_version=&#8221;4.27.4&#8243; _module_preset=&#8221;default&#8221; global_colors_info=&#8221;{}&#8221;][et_pb_image src=&#8221;https:\/\/www.sehon-lackieranlagen.de\/wp-content\/uploads\/2025\/05\/Wirtschaftspreis-Bremervoerde-fuer-Dieter-Poppe.webp&#8221; alt=&#8221;Dieter Poppe receives business award&#8221; title_text=&#8221;Bremerv\u00f6rde Business Award for Dieter Poppe&#8221; url_new_window=&#8221;on&#8221; align=&#8221;center&#8221; force_fullwidth=&#8221;on&#8221; admin_label=&#8221;Bild&#8221; _builder_version=&#8221;4.27.4&#8243; _module_preset=&#8221;default&#8221; hover_enabled=&#8221;0&#8243; global_colors_info=&#8221;{}&#8221; sticky_enabled=&#8221;0&#8243;][\/et_pb_image][\/et_pb_column][\/et_pb_row][et_pb_row _builder_version=&#8221;4.27.4&#8243; _module_preset=&#8221;default&#8221; global_colors_info=&#8221;{}&#8221;][et_pb_column type=&#8221;4_4&#8243; _builder_version=&#8221;4.27.4&#8243; _module_preset=&#8221;default&#8221; global_colors_info=&#8221;{}&#8221;][et_pb_text _builder_version=&#8221;4.27.4&#8243; _module_preset=&#8221;default&#8221; global_colors_info=&#8221;{}&#8221;]<\/p>\n<p>In collaboration with SEHON, Poppe GmbH was able to modernize its operations and paint shops and significantly improve its environmental footprint. Today, the company consumes only a fraction of the energy it used to, which has played a key role in reducing the company&#8217;s annual CO\u2082 emissions by around 77 tons. After completing all the conversion and sustainability measures, Dieter Poppe praised SEHON&#8217;s fast and efficient implementation. All agreed services were fulfilled in full and to his complete satisfaction.   <\/p>\n<p>It was important to integrate a combined heat and power unit (CHP), which significantly reduced energy costs and made the entire operation more sustainable. By switching to monovalent operation with the CHP, the company was able to drastically reduce its heating costs and at the same time make an important contribution to climate protection. <\/p>\n<p>The collaboration with SEHON made it possible to implement this energy-efficient refurbishment efficiently and smoothly &#8211; a clear advantage for the company&#8217;s competitiveness and environmental responsibility.<\/p>\n<p>The decision to work with SEHON has enabled Poppe GmbH to achieve its sustainability goals quickly and effectively. Modernized paint shops, the innovative energy supply for the entire operation and the rapid implementation of the measures confirmed Dieter Poppe&#8217;s decision to work professionally with SEHON. <\/p>\n<p>The commitment to greater sustainability and the award ceremony show how technological innovations and professional support can not only strengthen the company, but also the business location and make it future-proof.<\/p>\n<p>SEHON warmly congratulates Dieter Poppe on winning the Bremerv\u00f6rde Prize and is delighted to be part of this lasting success.<\/p>\n<p><a href=\"https:\/\/www.lackierer-bremervoerde.de\/\" target=\"_blank\" rel=\"noopener\">&gt;&gt;  Homepage Poppe GmbH, Bremerv\u00f6rde.<\/a><\/p>\n<p>Picture: Ralf G. Poppe<\/p>\n<p>[\/et_pb_text][\/et_pb_column][\/et_pb_row][\/et_pb_section][et_pb_section fb_built=&#8221;1&#8243; admin_label=&#8221;Social Sharing Buttons&#8221; _builder_version=&#8221;4.24.2&#8243; _module_preset=&#8221;default&#8221; custom_padding=&#8221;1px||7px|||&#8221; global_module=&#8221;10834&#8243; global_colors_info=&#8221;{}&#8221;][et_pb_row _builder_version=&#8221;4.24.2&#8243; _module_preset=&#8221;default&#8221; custom_padding=&#8221;2px||0px|||&#8221; global_colors_info=&#8221;{}&#8221;][et_pb_column type=&#8221;4_4&#8243; _builder_version=&#8221;4.24.2&#8243; _module_preset=&#8221;default&#8221; global_colors_info=&#8221;{}&#8221;][dssb_sharing_buttons icon_placement=&#8221;icon&#8221; columns=&#8221;10&#8243; use_sharing_title=&#8221;on&#8221; use_global_sharing=&#8221;on&#8221; _builder_version=&#8221;4.24.2&#8243; _module_preset=&#8221;default&#8221; sharing_title_font=&#8221;Arial||||||||&#8221; sharing_title_text_align=&#8221;left&#8221; sharing_title_font_size=&#8221;12px&#8221; share_font=&#8221;Arial||||||||&#8221; share_font_size=&#8221;10px&#8221; background_color=&#8221;#f7f7f7&#8243; border_radii_icon=&#8221;on||||&#8221; global_colors_info=&#8221;{}&#8221;][dssb_sharing_button social_network=&#8221;whatsapp&#8221; _builder_version=&#8221;4.24.2&#8243; _module_preset=&#8221;default&#8221; global_colors_info=&#8221;{}&#8221;][\/dssb_sharing_button][dssb_sharing_button social_network=&#8221;linkedin&#8221; _builder_version=&#8221;4.24.2&#8243; _module_preset=&#8221;default&#8221; global_colors_info=&#8221;{}&#8221;][\/dssb_sharing_button][dssb_sharing_button _builder_version=&#8221;4.24.2&#8243; _module_preset=&#8221;default&#8221; global_colors_info=&#8221;{}&#8221;][\/dssb_sharing_button][dssb_sharing_button social_network=&#8221;twitter&#8221; _builder_version=&#8221;4.24.2&#8243; _module_preset=&#8221;default&#8221; global_colors_info=&#8221;{}&#8221;][\/dssb_sharing_button][dssb_sharing_button social_network=&#8221;blogger&#8221; _builder_version=&#8221;4.24.2&#8243; _module_preset=&#8221;default&#8221; global_colors_info=&#8221;{}&#8221;][\/dssb_sharing_button][dssb_sharing_button social_network=&#8221;pinterest&#8221; _builder_version=&#8221;4.24.2&#8243; _module_preset=&#8221;default&#8221; global_colors_info=&#8221;{}&#8221;][\/dssb_sharing_button][dssb_sharing_button social_network=&#8221;email&#8221; _builder_version=&#8221;4.24.2&#8243; _module_preset=&#8221;default&#8221; global_colors_info=&#8221;{}&#8221;][\/dssb_sharing_button][dssb_sharing_button social_network=&#8221;gmail&#8221; _builder_version=&#8221;4.24.2&#8243; _module_preset=&#8221;default&#8221; global_colors_info=&#8221;{}&#8221;][\/dssb_sharing_button][dssb_sharing_button social_network=&#8221;copy&#8221; _builder_version=&#8221;4.24.2&#8243; _module_preset=&#8221;default&#8221; global_colors_info=&#8221;{}&#8221;][\/dssb_sharing_button][dssb_sharing_button social_network=&#8221;print&#8221; _builder_version=&#8221;4.24.2&#8243; _module_preset=&#8221;default&#8221; global_colors_info=&#8221;{}&#8221;][\/dssb_sharing_button][\/dssb_sharing_buttons][\/et_pb_column][\/et_pb_row][et_pb_row module_class=&#8221; et_pb_row_fullwidth et_pb_row_fullwidth&#8221; _builder_version=&#8221;4.16&#8243; width=&#8221;89%&#8221; width_tablet=&#8221;80%&#8221; width_phone=&#8221;&#8221; width_last_edited=&#8221;on|desktop&#8221; max_width=&#8221;89%&#8221; max_width_tablet=&#8221;80%&#8221; max_width_phone=&#8221;&#8221; max_width_last_edited=&#8221;on|desktop&#8221; make_fullwidth=&#8221;on&#8221; global_colors_info=&#8221;{}&#8221;][et_pb_column type=&#8221;4_4&#8243; _builder_version=&#8221;4.16&#8243; background_position=&#8221;top_left&#8221; custom_padding=&#8221;|||&#8221; global_colors_info=&#8221;{}&#8221; custom_padding__hover=&#8221;|||&#8221;][et_pb_divider color=&#8221;#cecece&#8221; divider_position=&#8221;center&#8221; disabled_on=&#8221;on|on|off&#8221; _builder_version=&#8221;4.16&#8243; height=&#8221;10px&#8221; hide_on_mobile=&#8221;on&#8221; global_colors_info=&#8221;{}&#8221;][\/et_pb_divider][\/et_pb_column][\/et_pb_row][\/et_pb_section]<\/p>\n","protected":false},"excerpt":{"rendered":"<p>Poppe GmbH was awarded the Friedrich Conrad Degener Prize by the town of Bremerv\u00f6rde in April 2025. Congratulations. <\/p>\n","protected":false},"author":3,"featured_media":17436,"comment_status":"closed","ping_status":"closed","sticky":false,"template":"","format":"standard","meta":{"_et_pb_use_builder":"on","_et_pb_old_content":"","_et_gb_content_width":"","_relevanssi_hide_post":"","_relevanssi_hide_content":"","_relevanssi_pin_for_all":"","_relevanssi_pin_keywords":"","_relevanssi_unpin_keywords":"","_relevanssi_related_keywords":"","_relevanssi_related_include_ids":"","_relevanssi_related_exclude_ids":"","_relevanssi_related_no_append":"","_relevanssi_related_not_related":"","_relevanssi_related_posts":"","_relevanssi_noindex_reason":"","footnotes":""},"categories":[59,60],"tags":[],"class_list":["post-17670","post","type-post","status-publish","format-standard","has-post-thumbnail","hentry","category-customers","category-news-en"],"yoast_head":"<!-- This site is optimized with the Yoast SEO plugin v27.4 - https:\/\/yoast.com\/product\/yoast-seo-wordpress\/ -->\n<title>SEHON customer honored for sustainability - SEHON Lackieranlagen<\/title>\n<meta name=\"description\" content=\"In April 2025, Poppe GmbH was awarded the Friedrich Conrad Degener Prize by the town of Bremerv\u00f6rde.\" \/>\n<meta name=\"robots\" content=\"index, follow, max-snippet:-1, max-image-preview:large, max-video-preview:-1\" \/>\n<link rel=\"canonical\" href=\"https:\/\/www.sehon-lackieranlagen.de\/en\/sehon-customer-honored-for-sustainability\/\" \/>\n<meta property=\"og:locale\" content=\"en_US\" \/>\n<meta property=\"og:type\" content=\"article\" \/>\n<meta property=\"og:title\" content=\"SEHON customer honored for sustainability - SEHON Lackieranlagen\" \/>\n<meta property=\"og:description\" content=\"In April 2025, Poppe GmbH was awarded the Friedrich Conrad Degener Prize by the town of Bremerv\u00f6rde.\" \/>\n<meta property=\"og:url\" content=\"https:\/\/www.sehon-lackieranlagen.de\/en\/sehon-customer-honored-for-sustainability\/\" \/>\n<meta property=\"og:site_name\" content=\"SEHON Lackieranlagen\" \/>\n<meta property=\"article:published_time\" content=\"2025-05-06T11:10:51+00:00\" \/>\n<meta property=\"article:modified_time\" content=\"2025-05-27T12:08:37+00:00\" \/>\n<meta property=\"og:image\" content=\"https:\/\/www.sehon-lackieranlagen.de\/wp-content\/uploads\/2025\/05\/Wirtschaftspreis-Bremervoerde-fuer-Dieter-Poppe-2.webp\" \/>\n\t<meta property=\"og:image:width\" content=\"1080\" \/>\n\t<meta property=\"og:image:height\" content=\"450\" \/>\n\t<meta property=\"og:image:type\" content=\"image\/jpeg\" \/>\n<meta name=\"author\" content=\"Michael Teschke\" \/>\n<meta name=\"twitter:card\" content=\"summary_large_image\" \/>\n<meta name=\"twitter:label1\" content=\"Written by\" \/>\n\t<meta name=\"twitter:data1\" content=\"Michael Teschke\" \/>\n\t<meta name=\"twitter:label2\" content=\"Est. reading time\" \/>\n\t<meta name=\"twitter:data2\" content=\"4 minutes\" \/>\n<script type=\"application\/ld+json\" class=\"yoast-schema-graph\">{\"@context\":\"https:\\\/\\\/schema.org\",\"@graph\":[{\"@type\":\"Article\",\"@id\":\"https:\\\/\\\/www.sehon-lackieranlagen.de\\\/en\\\/sehon-customer-honored-for-sustainability\\\/#article\",\"isPartOf\":{\"@id\":\"https:\\\/\\\/www.sehon-lackieranlagen.de\\\/en\\\/sehon-customer-honored-for-sustainability\\\/\"},\"author\":{\"name\":\"Michael Teschke\",\"@id\":\"https:\\\/\\\/www.sehon-lackieranlagen.de\\\/en\\\/#\\\/schema\\\/person\\\/17fec80c009ddffb23f0be7364d8dbc6\"},\"headline\":\"SEHON customer honored for sustainability\",\"datePublished\":\"2025-05-06T11:10:51+00:00\",\"dateModified\":\"2025-05-27T12:08:37+00:00\",\"mainEntityOfPage\":{\"@id\":\"https:\\\/\\\/www.sehon-lackieranlagen.de\\\/en\\\/sehon-customer-honored-for-sustainability\\\/\"},\"wordCount\":903,\"publisher\":{\"@id\":\"https:\\\/\\\/www.sehon-lackieranlagen.de\\\/en\\\/#organization\"},\"image\":{\"@id\":\"https:\\\/\\\/www.sehon-lackieranlagen.de\\\/en\\\/sehon-customer-honored-for-sustainability\\\/#primaryimage\"},\"thumbnailUrl\":\"https:\\\/\\\/www.sehon-lackieranlagen.de\\\/wp-content\\\/uploads\\\/2025\\\/05\\\/Wirtschaftspreis-Bremervoerde-fuer-Dieter-Poppe-2.webp\",\"articleSection\":[\"Customers\",\"News\"],\"inLanguage\":\"en-US\"},{\"@type\":\"WebPage\",\"@id\":\"https:\\\/\\\/www.sehon-lackieranlagen.de\\\/en\\\/sehon-customer-honored-for-sustainability\\\/\",\"url\":\"https:\\\/\\\/www.sehon-lackieranlagen.de\\\/en\\\/sehon-customer-honored-for-sustainability\\\/\",\"name\":\"SEHON customer honored for sustainability - SEHON Lackieranlagen\",\"isPartOf\":{\"@id\":\"https:\\\/\\\/www.sehon-lackieranlagen.de\\\/en\\\/#website\"},\"primaryImageOfPage\":{\"@id\":\"https:\\\/\\\/www.sehon-lackieranlagen.de\\\/en\\\/sehon-customer-honored-for-sustainability\\\/#primaryimage\"},\"image\":{\"@id\":\"https:\\\/\\\/www.sehon-lackieranlagen.de\\\/en\\\/sehon-customer-honored-for-sustainability\\\/#primaryimage\"},\"thumbnailUrl\":\"https:\\\/\\\/www.sehon-lackieranlagen.de\\\/wp-content\\\/uploads\\\/2025\\\/05\\\/Wirtschaftspreis-Bremervoerde-fuer-Dieter-Poppe-2.webp\",\"datePublished\":\"2025-05-06T11:10:51+00:00\",\"dateModified\":\"2025-05-27T12:08:37+00:00\",\"description\":\"In April 2025, Poppe GmbH was awarded the Friedrich Conrad Degener Prize by the town of Bremerv\u00f6rde.\",\"breadcrumb\":{\"@id\":\"https:\\\/\\\/www.sehon-lackieranlagen.de\\\/en\\\/sehon-customer-honored-for-sustainability\\\/#breadcrumb\"},\"inLanguage\":\"en-US\",\"potentialAction\":[{\"@type\":\"ReadAction\",\"target\":[\"https:\\\/\\\/www.sehon-lackieranlagen.de\\\/en\\\/sehon-customer-honored-for-sustainability\\\/\"]}]},{\"@type\":\"ImageObject\",\"inLanguage\":\"en-US\",\"@id\":\"https:\\\/\\\/www.sehon-lackieranlagen.de\\\/en\\\/sehon-customer-honored-for-sustainability\\\/#primaryimage\",\"url\":\"https:\\\/\\\/www.sehon-lackieranlagen.de\\\/wp-content\\\/uploads\\\/2025\\\/05\\\/Wirtschaftspreis-Bremervoerde-fuer-Dieter-Poppe-2.webp\",\"contentUrl\":\"https:\\\/\\\/www.sehon-lackieranlagen.de\\\/wp-content\\\/uploads\\\/2025\\\/05\\\/Wirtschaftspreis-Bremervoerde-fuer-Dieter-Poppe-2.webp\",\"width\":1080,\"height\":450,\"caption\":\"Wirtschaftspreis Bremerv\u00f6rde f\u00fcr Dieter Poppe\"},{\"@type\":\"BreadcrumbList\",\"@id\":\"https:\\\/\\\/www.sehon-lackieranlagen.de\\\/en\\\/sehon-customer-honored-for-sustainability\\\/#breadcrumb\",\"itemListElement\":[{\"@type\":\"ListItem\",\"position\":1,\"name\":\"Startseite\",\"item\":\"https:\\\/\\\/www.sehon-lackieranlagen.de\\\/en\\\/home\\\/\"},{\"@type\":\"ListItem\",\"position\":2,\"name\":\"SEHON customer honored for sustainability\"}]},{\"@type\":\"WebSite\",\"@id\":\"https:\\\/\\\/www.sehon-lackieranlagen.de\\\/en\\\/#website\",\"url\":\"https:\\\/\\\/www.sehon-lackieranlagen.de\\\/en\\\/\",\"name\":\"SEHON Lackieranlagen\",\"description\":\"Lackierkabinen | Lackiertechnik | Oberfl\u00e4chentechnik\",\"publisher\":{\"@id\":\"https:\\\/\\\/www.sehon-lackieranlagen.de\\\/en\\\/#organization\"},\"potentialAction\":[{\"@type\":\"SearchAction\",\"target\":{\"@type\":\"EntryPoint\",\"urlTemplate\":\"https:\\\/\\\/www.sehon-lackieranlagen.de\\\/en\\\/?s={search_term_string}\"},\"query-input\":{\"@type\":\"PropertyValueSpecification\",\"valueRequired\":true,\"valueName\":\"search_term_string\"}}],\"inLanguage\":\"en-US\"},{\"@type\":\"Organization\",\"@id\":\"https:\\\/\\\/www.sehon-lackieranlagen.de\\\/en\\\/#organization\",\"name\":\"SEHON Innovative Lackieranlagen GmbH\",\"url\":\"https:\\\/\\\/www.sehon-lackieranlagen.de\\\/en\\\/\",\"logo\":{\"@type\":\"ImageObject\",\"inLanguage\":\"en-US\",\"@id\":\"https:\\\/\\\/www.sehon-lackieranlagen.de\\\/en\\\/#\\\/schema\\\/logo\\\/image\\\/\",\"url\":\"https:\\\/\\\/www.sehon-lackieranlagen.de\\\/wp-content\\\/uploads\\\/2017\\\/02\\\/SEHON-Logo-Lackieranlagen-und-Lackierkabinen.jpg\",\"contentUrl\":\"https:\\\/\\\/www.sehon-lackieranlagen.de\\\/wp-content\\\/uploads\\\/2017\\\/02\\\/SEHON-Logo-Lackieranlagen-und-Lackierkabinen.jpg\",\"width\":499,\"height\":267,\"caption\":\"SEHON Innovative Lackieranlagen GmbH\"},\"image\":{\"@id\":\"https:\\\/\\\/www.sehon-lackieranlagen.de\\\/en\\\/#\\\/schema\\\/logo\\\/image\\\/\"}},{\"@type\":\"Person\",\"@id\":\"https:\\\/\\\/www.sehon-lackieranlagen.de\\\/en\\\/#\\\/schema\\\/person\\\/17fec80c009ddffb23f0be7364d8dbc6\",\"name\":\"Michael Teschke\",\"image\":{\"@type\":\"ImageObject\",\"inLanguage\":\"en-US\",\"@id\":\"https:\\\/\\\/secure.gravatar.com\\\/avatar\\\/ff087c973dd074ff250d9fabbe95ef7729cf9bc3dde4caa898d4534454326b93?s=96&d=mm&r=g\",\"url\":\"https:\\\/\\\/secure.gravatar.com\\\/avatar\\\/ff087c973dd074ff250d9fabbe95ef7729cf9bc3dde4caa898d4534454326b93?s=96&d=mm&r=g\",\"contentUrl\":\"https:\\\/\\\/secure.gravatar.com\\\/avatar\\\/ff087c973dd074ff250d9fabbe95ef7729cf9bc3dde4caa898d4534454326b93?s=96&d=mm&r=g\",\"caption\":\"Michael Teschke\"},\"description\":\"Seit \u00fcber 10 Jahren arbeitet der Autor als Online-Redakteur, SEO-Spezialist und Internet-Marketing-Fachmann f\u00fcr mittelst\u00e4ndische Unternehmen aus unterschiedlichen Branchen. Die gro\u00dfe St\u00e4rke von Michael Teschke ist, schwierige und komplexe Inhalte, Texte und wirtschaftliche Zusammenh\u00e4nge branchen\u00fcbergreifend f\u00fcr Leser und Suchmaschinen verst\u00e4ndlich zu formulieren. Aus diesem Grund arbeitet der Autor f\u00fcr verschiedene Unternehmen auch in den Bereichen PR, Presse und \u00d6ffentlichkeitsarbeit (panther-marketing.de).\",\"sameAs\":[\"https:\\\/\\\/www.panther-marketing.de\"]}]}<\/script>\n<!-- \/ Yoast SEO plugin. -->","yoast_head_json":{"title":"SEHON customer honored for sustainability - SEHON Lackieranlagen","description":"In April 2025, Poppe GmbH was awarded the Friedrich Conrad Degener Prize by the town of Bremerv\u00f6rde.","robots":{"index":"index","follow":"follow","max-snippet":"max-snippet:-1","max-image-preview":"max-image-preview:large","max-video-preview":"max-video-preview:-1"},"canonical":"https:\/\/www.sehon-lackieranlagen.de\/en\/sehon-customer-honored-for-sustainability\/","og_locale":"en_US","og_type":"article","og_title":"SEHON customer honored for sustainability - SEHON Lackieranlagen","og_description":"In April 2025, Poppe GmbH was awarded the Friedrich Conrad Degener Prize by the town of Bremerv\u00f6rde.","og_url":"https:\/\/www.sehon-lackieranlagen.de\/en\/sehon-customer-honored-for-sustainability\/","og_site_name":"SEHON Lackieranlagen","article_published_time":"2025-05-06T11:10:51+00:00","article_modified_time":"2025-05-27T12:08:37+00:00","og_image":[{"width":1080,"height":450,"url":"https:\/\/www.sehon-lackieranlagen.de\/wp-content\/uploads\/2025\/05\/Wirtschaftspreis-Bremervoerde-fuer-Dieter-Poppe-2.webp","type":"image\/jpeg"}],"author":"Michael Teschke","twitter_card":"summary_large_image","twitter_misc":{"Written by":"Michael Teschke","Est. reading time":"4 minutes"},"schema":{"@context":"https:\/\/schema.org","@graph":[{"@type":"Article","@id":"https:\/\/www.sehon-lackieranlagen.de\/en\/sehon-customer-honored-for-sustainability\/#article","isPartOf":{"@id":"https:\/\/www.sehon-lackieranlagen.de\/en\/sehon-customer-honored-for-sustainability\/"},"author":{"name":"Michael Teschke","@id":"https:\/\/www.sehon-lackieranlagen.de\/en\/#\/schema\/person\/17fec80c009ddffb23f0be7364d8dbc6"},"headline":"SEHON customer honored for sustainability","datePublished":"2025-05-06T11:10:51+00:00","dateModified":"2025-05-27T12:08:37+00:00","mainEntityOfPage":{"@id":"https:\/\/www.sehon-lackieranlagen.de\/en\/sehon-customer-honored-for-sustainability\/"},"wordCount":903,"publisher":{"@id":"https:\/\/www.sehon-lackieranlagen.de\/en\/#organization"},"image":{"@id":"https:\/\/www.sehon-lackieranlagen.de\/en\/sehon-customer-honored-for-sustainability\/#primaryimage"},"thumbnailUrl":"https:\/\/www.sehon-lackieranlagen.de\/wp-content\/uploads\/2025\/05\/Wirtschaftspreis-Bremervoerde-fuer-Dieter-Poppe-2.webp","articleSection":["Customers","News"],"inLanguage":"en-US"},{"@type":"WebPage","@id":"https:\/\/www.sehon-lackieranlagen.de\/en\/sehon-customer-honored-for-sustainability\/","url":"https:\/\/www.sehon-lackieranlagen.de\/en\/sehon-customer-honored-for-sustainability\/","name":"SEHON customer honored for sustainability - SEHON Lackieranlagen","isPartOf":{"@id":"https:\/\/www.sehon-lackieranlagen.de\/en\/#website"},"primaryImageOfPage":{"@id":"https:\/\/www.sehon-lackieranlagen.de\/en\/sehon-customer-honored-for-sustainability\/#primaryimage"},"image":{"@id":"https:\/\/www.sehon-lackieranlagen.de\/en\/sehon-customer-honored-for-sustainability\/#primaryimage"},"thumbnailUrl":"https:\/\/www.sehon-lackieranlagen.de\/wp-content\/uploads\/2025\/05\/Wirtschaftspreis-Bremervoerde-fuer-Dieter-Poppe-2.webp","datePublished":"2025-05-06T11:10:51+00:00","dateModified":"2025-05-27T12:08:37+00:00","description":"In April 2025, Poppe GmbH was awarded the Friedrich Conrad Degener Prize by the town of Bremerv\u00f6rde.","breadcrumb":{"@id":"https:\/\/www.sehon-lackieranlagen.de\/en\/sehon-customer-honored-for-sustainability\/#breadcrumb"},"inLanguage":"en-US","potentialAction":[{"@type":"ReadAction","target":["https:\/\/www.sehon-lackieranlagen.de\/en\/sehon-customer-honored-for-sustainability\/"]}]},{"@type":"ImageObject","inLanguage":"en-US","@id":"https:\/\/www.sehon-lackieranlagen.de\/en\/sehon-customer-honored-for-sustainability\/#primaryimage","url":"https:\/\/www.sehon-lackieranlagen.de\/wp-content\/uploads\/2025\/05\/Wirtschaftspreis-Bremervoerde-fuer-Dieter-Poppe-2.webp","contentUrl":"https:\/\/www.sehon-lackieranlagen.de\/wp-content\/uploads\/2025\/05\/Wirtschaftspreis-Bremervoerde-fuer-Dieter-Poppe-2.webp","width":1080,"height":450,"caption":"Wirtschaftspreis Bremerv\u00f6rde f\u00fcr Dieter Poppe"},{"@type":"BreadcrumbList","@id":"https:\/\/www.sehon-lackieranlagen.de\/en\/sehon-customer-honored-for-sustainability\/#breadcrumb","itemListElement":[{"@type":"ListItem","position":1,"name":"Startseite","item":"https:\/\/www.sehon-lackieranlagen.de\/en\/home\/"},{"@type":"ListItem","position":2,"name":"SEHON customer honored for sustainability"}]},{"@type":"WebSite","@id":"https:\/\/www.sehon-lackieranlagen.de\/en\/#website","url":"https:\/\/www.sehon-lackieranlagen.de\/en\/","name":"SEHON Lackieranlagen","description":"Lackierkabinen | Lackiertechnik | Oberfl\u00e4chentechnik","publisher":{"@id":"https:\/\/www.sehon-lackieranlagen.de\/en\/#organization"},"potentialAction":[{"@type":"SearchAction","target":{"@type":"EntryPoint","urlTemplate":"https:\/\/www.sehon-lackieranlagen.de\/en\/?s={search_term_string}"},"query-input":{"@type":"PropertyValueSpecification","valueRequired":true,"valueName":"search_term_string"}}],"inLanguage":"en-US"},{"@type":"Organization","@id":"https:\/\/www.sehon-lackieranlagen.de\/en\/#organization","name":"SEHON Innovative Lackieranlagen GmbH","url":"https:\/\/www.sehon-lackieranlagen.de\/en\/","logo":{"@type":"ImageObject","inLanguage":"en-US","@id":"https:\/\/www.sehon-lackieranlagen.de\/en\/#\/schema\/logo\/image\/","url":"https:\/\/www.sehon-lackieranlagen.de\/wp-content\/uploads\/2017\/02\/SEHON-Logo-Lackieranlagen-und-Lackierkabinen.jpg","contentUrl":"https:\/\/www.sehon-lackieranlagen.de\/wp-content\/uploads\/2017\/02\/SEHON-Logo-Lackieranlagen-und-Lackierkabinen.jpg","width":499,"height":267,"caption":"SEHON Innovative Lackieranlagen GmbH"},"image":{"@id":"https:\/\/www.sehon-lackieranlagen.de\/en\/#\/schema\/logo\/image\/"}},{"@type":"Person","@id":"https:\/\/www.sehon-lackieranlagen.de\/en\/#\/schema\/person\/17fec80c009ddffb23f0be7364d8dbc6","name":"Michael Teschke","image":{"@type":"ImageObject","inLanguage":"en-US","@id":"https:\/\/secure.gravatar.com\/avatar\/ff087c973dd074ff250d9fabbe95ef7729cf9bc3dde4caa898d4534454326b93?s=96&d=mm&r=g","url":"https:\/\/secure.gravatar.com\/avatar\/ff087c973dd074ff250d9fabbe95ef7729cf9bc3dde4caa898d4534454326b93?s=96&d=mm&r=g","contentUrl":"https:\/\/secure.gravatar.com\/avatar\/ff087c973dd074ff250d9fabbe95ef7729cf9bc3dde4caa898d4534454326b93?s=96&d=mm&r=g","caption":"Michael Teschke"},"description":"Seit \u00fcber 10 Jahren arbeitet der Autor als Online-Redakteur, SEO-Spezialist und Internet-Marketing-Fachmann f\u00fcr mittelst\u00e4ndische Unternehmen aus unterschiedlichen Branchen. Die gro\u00dfe St\u00e4rke von Michael Teschke ist, schwierige und komplexe Inhalte, Texte und wirtschaftliche Zusammenh\u00e4nge branchen\u00fcbergreifend f\u00fcr Leser und Suchmaschinen verst\u00e4ndlich zu formulieren. Aus diesem Grund arbeitet der Autor f\u00fcr verschiedene Unternehmen auch in den Bereichen PR, Presse und \u00d6ffentlichkeitsarbeit (panther-marketing.de).","sameAs":["https:\/\/www.panther-marketing.de"]}]}},"_links":{"self":[{"href":"https:\/\/www.sehon-lackieranlagen.de\/en\/wp-json\/wp\/v2\/posts\/17670","targetHints":{"allow":["GET"]}}],"collection":[{"href":"https:\/\/www.sehon-lackieranlagen.de\/en\/wp-json\/wp\/v2\/posts"}],"about":[{"href":"https:\/\/www.sehon-lackieranlagen.de\/en\/wp-json\/wp\/v2\/types\/post"}],"author":[{"embeddable":true,"href":"https:\/\/www.sehon-lackieranlagen.de\/en\/wp-json\/wp\/v2\/users\/3"}],"replies":[{"embeddable":true,"href":"https:\/\/www.sehon-lackieranlagen.de\/en\/wp-json\/wp\/v2\/comments?post=17670"}],"version-history":[{"count":4,"href":"https:\/\/www.sehon-lackieranlagen.de\/en\/wp-json\/wp\/v2\/posts\/17670\/revisions"}],"predecessor-version":[{"id":17717,"href":"https:\/\/www.sehon-lackieranlagen.de\/en\/wp-json\/wp\/v2\/posts\/17670\/revisions\/17717"}],"wp:featuredmedia":[{"embeddable":true,"href":"https:\/\/www.sehon-lackieranlagen.de\/en\/wp-json\/wp\/v2\/media\/17436"}],"wp:attachment":[{"href":"https:\/\/www.sehon-lackieranlagen.de\/en\/wp-json\/wp\/v2\/media?parent=17670"}],"wp:term":[{"taxonomy":"category","embeddable":true,"href":"https:\/\/www.sehon-lackieranlagen.de\/en\/wp-json\/wp\/v2\/categories?post=17670"},{"taxonomy":"post_tag","embeddable":true,"href":"https:\/\/www.sehon-lackieranlagen.de\/en\/wp-json\/wp\/v2\/tags?post=17670"}],"curies":[{"name":"wp","href":"https:\/\/api.w.org\/{rel}","templated":true}]}}